{"id":2770,"date":"2020-04-06T16:01:49","date_gmt":"2020-04-06T14:01:49","guid":{"rendered":"https:\/\/crtt.net\/cancerologie\/?p=2770"},"modified":"2020-04-06T16:01:49","modified_gmt":"2020-04-06T14:01:49","slug":"inauguration-crtt-repoussee","status":"publish","type":"post","link":"https:\/\/crtt.net\/cancerologie\/2020\/04\/06\/inauguration-crtt-repoussee\/","title":{"rendered":"Inauguration CRTT repouss\u00e9e"},"content":{"rendered":"<p>En raison de l&rsquo;\u00e9pid\u00e9mie actuelle de Covid 19, l&rsquo;inauguration des nouvelles installations du CRTT est repouss\u00e9e \u00e0 une date ult\u00e9rieure pour l&rsquo;instant non d\u00e9finie<\/p>\n","protected":false},"excerpt":{"rendered":"<p>En raison de l&rsquo;\u00e9pid\u00e9mie actuelle de Covid 19, l&rsquo;inauguration des nouvelles installations du CRTT est repouss\u00e9e \u00e0 une date ult\u00e9rieure pour l&rsquo;instant non d\u00e9finie<\/p>\n","protected":false},"author":1,"featured_media":0,"comment_status":"open","ping_status":"open","sticky":false,"template":"","format":"standard","meta":{"footnotes":""},"categories":[9],"tags":[],"class_list":["post-2770","post","type-post","status-publish","format-standard","hentry","category-professionnels"],"_links":{"self":[{"href":"https:\/\/crtt.net\/cancerologie\/wp-json\/wp\/v2\/posts\/2770","targetHints":{"allow":["GET"]}}],"collection":[{"href":"https:\/\/crtt.net\/cancerologie\/wp-json\/wp\/v2\/posts"}],"about":[{"href":"https:\/\/crtt.net\/cancerologie\/wp-json\/wp\/v2\/types\/post"}],"author":[{"embeddable":true,"href":"https:\/\/crtt.net\/cancerologie\/wp-json\/wp\/v2\/users\/1"}],"replies":[{"embeddable":true,"href":"https:\/\/crtt.net\/cancerologie\/wp-json\/wp\/v2\/comments?post=2770"}],"version-history":[{"count":0,"href":"https:\/\/crtt.net\/cancerologie\/wp-json\/wp\/v2\/posts\/2770\/revisions"}],"wp:attachment":[{"href":"https:\/\/crtt.net\/cancerologie\/wp-json\/wp\/v2\/media?parent=2770"}],"wp:term":[{"taxonomy":"category","embeddable":true,"href":"https:\/\/crtt.net\/cancerologie\/wp-json\/wp\/v2\/categories?post=2770"},{"taxonomy":"post_tag","embeddable":true,"href":"https:\/\/crtt.net\/cancerologie\/wp-json\/wp\/v2\/tags?post=2770"}],"curies":[{"name":"wp","href":"https:\/\/api.w.org\/{rel}","templated":true}]}}