{"id":2767,"date":"2020-04-06T15:57:45","date_gmt":"2020-04-06T13:57:45","guid":{"rendered":"https:\/\/crtt.net\/cancerologie\/?p=2767"},"modified":"2020-04-06T15:57:45","modified_gmt":"2020-04-06T13:57:45","slug":"covid-19","status":"publish","type":"post","link":"https:\/\/crtt.net\/cancerologie\/2020\/04\/06\/covid-19\/","title":{"rendered":"Covid et Cancer"},"content":{"rendered":"<p>Le centre de radioth\u00e9rapie reste ouvert pendant l&rsquo;\u00e9pid\u00e9mie de Covid 19.<\/p>\n<p>Tous les traitements de radioth\u00e9rapie d\u00e9but\u00e9s seront poursuivi. Les nouveaux traitements seront planifi\u00e9s en fonction de leur degr\u00e9s d&rsquo;urgence.<\/p>\n<p>Les quelques changements de fonctionnement sont les suivants:<\/p>\n<ul>\n<li>Le respect des gestes barri\u00e8res (notamment le port du masque) est n\u00e9cessaire au sein du centre.<\/li>\n<li>Un questionnaire Covid vous sera remis avant la consultation<\/li>\n<li>Les patients en cours de traitement sont pri\u00e9s autant que faire se peut de ne pas \u00eatre accompagn\u00e9s \u00e0 l\u2019int\u00e9rieur du centre. En cas de n\u00e9cessit\u00e9 d&rsquo;un accompagnement, celui-ci doit \u00eatre r\u00e9alis\u00e9 par le moins de personne possible.<\/li>\n<\/ul>\n","protected":false},"excerpt":{"rendered":"<p>Le centre de radioth\u00e9rapie reste ouvert pendant l&rsquo;\u00e9pid\u00e9mie de Covid 19. Tous les traitements de radioth\u00e9rapie d\u00e9but\u00e9s seront poursuivi. Les nouveaux traitements seront planifi\u00e9s en fonction de leur degr\u00e9s d&rsquo;urgence. Les quelques changements de fonctionnement sont les suivants: Le respect des gestes barri\u00e8res (notamment le port du masque) est n\u00e9cessaire au sein du centre. Un [&hellip;]<\/p>\n","protected":false},"author":1,"featured_media":0,"comment_status":"open","ping_status":"open","sticky":false,"template":"","format":"standard","meta":{"footnotes":""},"categories":[8,9],"tags":[],"class_list":["post-2767","post","type-post","status-publish","format-standard","hentry","category-patients","category-professionnels"],"_links":{"self":[{"href":"https:\/\/crtt.net\/cancerologie\/wp-json\/wp\/v2\/posts\/2767","targetHints":{"allow":["GET"]}}],"collection":[{"href":"https:\/\/crtt.net\/cancerologie\/wp-json\/wp\/v2\/posts"}],"about":[{"href":"https:\/\/crtt.net\/cancerologie\/wp-json\/wp\/v2\/types\/post"}],"author":[{"embeddable":true,"href":"https:\/\/crtt.net\/cancerologie\/wp-json\/wp\/v2\/users\/1"}],"replies":[{"embeddable":true,"href":"https:\/\/crtt.net\/cancerologie\/wp-json\/wp\/v2\/comments?post=2767"}],"version-history":[{"count":0,"href":"https:\/\/crtt.net\/cancerologie\/wp-json\/wp\/v2\/posts\/2767\/revisions"}],"wp:attachment":[{"href":"https:\/\/crtt.net\/cancerologie\/wp-json\/wp\/v2\/media?parent=2767"}],"wp:term":[{"taxonomy":"category","embeddable":true,"href":"https:\/\/crtt.net\/cancerologie\/wp-json\/wp\/v2\/categories?post=2767"},{"taxonomy":"post_tag","embeddable":true,"href":"https:\/\/crtt.net\/cancerologie\/wp-json\/wp\/v2\/tags?post=2767"}],"curies":[{"name":"wp","href":"https:\/\/api.w.org\/{rel}","templated":true}]}}