{"id":2754,"date":"2019-10-29T13:39:34","date_gmt":"2019-10-29T12:39:34","guid":{"rendered":"https:\/\/crtt.net\/cancerologie\/?p=2754"},"modified":"2019-10-29T13:39:34","modified_gmt":"2019-10-29T12:39:34","slug":"le-centre-saggrandit-2","status":"publish","type":"post","link":"https:\/\/crtt.net\/cancerologie\/2019\/10\/29\/le-centre-saggrandit-2\/","title":{"rendered":"Le centre s&rsquo;aggrandit"},"content":{"rendered":"<p>Depuis le 7 octobre 2019, le centre est \u00e9quip\u00e9 d&rsquo;une 3\u00e8me et nouvelle machine de traitement de type Versa HD.<\/p>\n<p>Par ailleurs, la superficie des locaux a \u00e9t\u00e9 tr\u00e8s nettement augment\u00e9e avec la cr\u00e9ation d&rsquo;un \u00e9tage suppl\u00e9mentaire qui abrite deux nouvelles salles de consultations ainsi qu&rsquo;un nouveau service de mammographie permettant l\u2019accueil sein.<\/p>\n","protected":false},"excerpt":{"rendered":"<p>Depuis le 7 octobre 2019, le centre est \u00e9quip\u00e9 d&rsquo;une 3\u00e8me et nouvelle machine de traitement de type Versa HD. Par ailleurs, la superficie des locaux a \u00e9t\u00e9 tr\u00e8s nettement augment\u00e9e avec la cr\u00e9ation d&rsquo;un \u00e9tage suppl\u00e9mentaire qui abrite deux nouvelles salles de consultations ainsi qu&rsquo;un nouveau service de mammographie permettant l\u2019accueil sein.<\/p>\n","protected":false},"author":1,"featured_media":0,"comment_status":"open","ping_status":"open","sticky":false,"template":"","format":"standard","meta":{"footnotes":""},"categories":[8,9],"tags":[],"class_list":["post-2754","post","type-post","status-publish","format-standard","hentry","category-patients","category-professionnels"],"_links":{"self":[{"href":"https:\/\/crtt.net\/cancerologie\/wp-json\/wp\/v2\/posts\/2754","targetHints":{"allow":["GET"]}}],"collection":[{"href":"https:\/\/crtt.net\/cancerologie\/wp-json\/wp\/v2\/posts"}],"about":[{"href":"https:\/\/crtt.net\/cancerologie\/wp-json\/wp\/v2\/types\/post"}],"author":[{"embeddable":true,"href":"https:\/\/crtt.net\/cancerologie\/wp-json\/wp\/v2\/users\/1"}],"replies":[{"embeddable":true,"href":"https:\/\/crtt.net\/cancerologie\/wp-json\/wp\/v2\/comments?post=2754"}],"version-history":[{"count":0,"href":"https:\/\/crtt.net\/cancerologie\/wp-json\/wp\/v2\/posts\/2754\/revisions"}],"wp:attachment":[{"href":"https:\/\/crtt.net\/cancerologie\/wp-json\/wp\/v2\/media?parent=2754"}],"wp:term":[{"taxonomy":"category","embeddable":true,"href":"https:\/\/crtt.net\/cancerologie\/wp-json\/wp\/v2\/categories?post=2754"},{"taxonomy":"post_tag","embeddable":true,"href":"https:\/\/crtt.net\/cancerologie\/wp-json\/wp\/v2\/tags?post=2754"}],"curies":[{"name":"wp","href":"https:\/\/api.w.org\/{rel}","templated":true}]}}